{"id":7289,"date":"2023-08-21T18:37:00","date_gmt":"2023-08-21T16:37:00","guid":{"rendered":"http:\/\/damesmagiques.com\/?p=7289"},"modified":"2023-08-25T12:26:33","modified_gmt":"2023-08-25T10:26:33","slug":"maga-pepelusis-catalunya","status":"publish","type":"post","link":"https:\/\/damesmagiques.com\/fr\/maga-pepelusis-catalunya\/","title":{"rendered":"Maga Pepelusis (Catalogne)"},"content":{"rendered":"<div data-elementor-type=\"wp-post\" data-elementor-id=\"7289\" class=\"elementor elementor-7289\" data-elementor-post-type=\"post\">\n\t\t\t\t\t\t<section class=\"elementor-section elementor-top-section elementor-element elementor-element-963a4a3 elementor-section-boxed elementor-section-height-default elementor-section-height-default\" data-id=\"963a4a3\" data-element_type=\"section\">\n\t\t\t\t\t\t<div class=\"elementor-container elementor-column-gap-default\">\n\t\t\t\t\t<div class=\"elementor-column elementor-col-100 elementor-top-column elementor-element elementor-element-167ca91\" data-id=\"167ca91\" data-element_type=\"column\">\n\t\t\t<div class=\"elementor-widget-wrap elementor-element-populated\">\n\t\t\t\t\t\t<section class=\"elementor-section elementor-inner-section elementor-element elementor-element-8068a9c elementor-section-boxed elementor-section-height-default elementor-section-height-default\" data-id=\"8068a9c\" data-element_type=\"section\">\n\t\t\t\t\t\t<div class=\"elementor-container elementor-column-gap-default\">\n\t\t\t\t\t<div class=\"elementor-column elementor-col-50 elementor-inner-column elementor-element elementor-element-000cd7b\" data-id=\"000cd7b\" data-element_type=\"column\">\n\t\t\t<div class=\"elementor-widget-wrap elementor-element-populated\">\n\t\t\t\t\t\t<div class=\"elementor-element elementor-element-30f3a25 elementor-widget elementor-widget-text-editor\" data-id=\"30f3a25\" data-element_type=\"widget\" data-widget_type=\"text-editor.default\">\n\t\t\t\t<div class=\"elementor-widget-container\">\n\t\t\t\t\t\t\t<p>Maga Pepelusis a 10 ans et a d\u00e9but\u00e9 dans le monde de la magie \u00e0 6 ans, de la main de son p\u00e8re et de son grand-p\u00e8re paternel.<br \/>Il a r\u00e9alis\u00e9 de petits spectacles pour ses amis et sa famille, comme tous les enfants int\u00e9ress\u00e9s par la magie - et, une fois par an depuis trois ans, il essaie d&#039;apporter de l&#039;humour et de la joie \u00e0 la soir\u00e9e de cl\u00f4ture du Camp d&#039;\u00e9t\u00e9 d&#039;an Apadis de les \u00c9cole Franqueses, pour enfants et jeunes tr\u00e8s sp\u00e9ciaux.<br \/>Il sait qu&#039;il a un long chemin \u00e0 parcourir et tout \u00e0 apprendre, mais il est tr\u00e8s enthousiasm\u00e9 par ce monde d&#039;illusion qu&#039;est la magie.<\/p><p>Maga Pepelusis remettra le prix Magical Lady of Honor 2008 \u00e0 Manuela Rejas<\/p><h6><b><i>Il a particip\u00e9 au DAMA 2008<\/i><\/b><\/h6>\t\t\t\t\t\t<\/div>\n\t\t\t\t<\/div>\n\t\t\t\t\t<\/div>\n\t\t<\/div>\n\t\t\t\t<div class=\"elementor-column elementor-col-50 elementor-inner-column elementor-element elementor-element-c48b25e\" data-id=\"c48b25e\" data-element_type=\"column\">\n\t\t\t<div class=\"elementor-widget-wrap elementor-element-populated\">\n\t\t\t\t\t\t<div class=\"elementor-element elementor-element-3135ed7 elementor-widget elementor-widget-image\" data-id=\"3135ed7\" data-element_type=\"widget\" data-widget_type=\"image.default\">\n\t\t\t\t<div class=\"elementor-widget-container\">\n\t\t\t\t\t\t\t\t\t\t\t\t\t<img fetchpriority=\"high\" decoding=\"async\" width=\"768\" height=\"1144\" src=\"https:\/\/damesmagiques.com\/wp-content\/uploads\/2023\/08\/2008-Maga-Pepelusis-768x1144.jpg\" class=\"attachment-medium_large size-medium_large wp-image-7306\" alt=\"Maga Pepelusis\" srcset=\"https:\/\/damesmagiques.com\/wp-content\/uploads\/2023\/08\/2008-Maga-Pepelusis-768x1144.jpg 768w, https:\/\/damesmagiques.com\/wp-content\/uploads\/2023\/08\/2008-Maga-Pepelusis-201x300.jpg 201w, https:\/\/damesmagiques.com\/wp-content\/uploads\/2023\/08\/2008-Maga-Pepelusis-687x1024.jpg 687w, https:\/\/damesmagiques.com\/wp-content\/uploads\/2023\/08\/2008-Maga-Pepelusis-1031x1536.jpg 1031w, https:\/\/damesmagiques.com\/wp-content\/uploads\/2023\/08\/2008-Maga-Pepelusis-1375x2048.jpg 1375w, https:\/\/damesmagiques.com\/wp-content\/uploads\/2023\/08\/2008-Maga-Pepelusis-8x12.jpg 8w, https:\/\/damesmagiques.com\/wp-content\/uploads\/2023\/08\/2008-Maga-Pepelusis-scaled.jpg 1718w\" sizes=\"(max-width: 768px) 100vw, 768px\" \/>\t\t\t\t\t\t\t\t\t\t\t\t\t<\/div>\n\t\t\t\t<\/div>\n\t\t\t\t\t<\/div>\n\t\t<\/div>\n\t\t\t\t\t<\/div>\n\t\t<\/section>\n\t\t\t\t\t<\/div>\n\t\t<\/div>\n\t\t\t\t\t<\/div>\n\t\t<\/section>\n\t\t\t\t<\/div>","protected":false},"excerpt":{"rendered":"<p>Maga Pepelusis a 10 ans et a d\u00e9but\u00e9 dans le monde de la magie \u00e0 6 ans, de la main de son p\u00e8re et de son grand-p\u00e8re paternel. A fait \u2026 <\/p>\n<p class=\"read-more-container\"><a title=\"Maga Pepelusis (Catalogne)\" class=\"read-more button\" href=\"https:\/\/damesmagiques.com\/fr\/maga-pepelusis-catalunya\/#more-7289\">Continue de lire<span class=\"screen-reader-text\">Maga Pepelusis (Catalogne)<\/span><\/a><\/p>","protected":false},"author":1,"featured_media":0,"comment_status":"closed","ping_status":"closed","sticky":false,"template":"","format":"standard","meta":{"footnotes":""},"categories":[220],"tags":[233],"_links":{"self":[{"href":"https:\/\/damesmagiques.com\/fr\/wp-json\/wp\/v2\/posts\/7289"}],"collection":[{"href":"https:\/\/damesmagiques.com\/fr\/wp-json\/wp\/v2\/posts"}],"about":[{"href":"https:\/\/damesmagiques.com\/fr\/wp-json\/wp\/v2\/types\/post"}],"author":[{"embeddable":true,"href":"https:\/\/damesmagiques.com\/fr\/wp-json\/wp\/v2\/users\/1"}],"replies":[{"embeddable":true,"href":"https:\/\/damesmagiques.com\/fr\/wp-json\/wp\/v2\/comments?post=7289"}],"version-history":[{"count":8,"href":"https:\/\/damesmagiques.com\/fr\/wp-json\/wp\/v2\/posts\/7289\/revisions"}],"predecessor-version":[{"id":7476,"href":"https:\/\/damesmagiques.com\/fr\/wp-json\/wp\/v2\/posts\/7289\/revisions\/7476"}],"wp:attachment":[{"href":"https:\/\/damesmagiques.com\/fr\/wp-json\/wp\/v2\/media?parent=7289"}],"wp:term":[{"taxonomy":"category","embeddable":true,"href":"https:\/\/damesmagiques.com\/fr\/wp-json\/wp\/v2\/categories?post=7289"},{"taxonomy":"post_tag","embeddable":true,"href":"https:\/\/damesmagiques.com\/fr\/wp-json\/wp\/v2\/tags?post=7289"}],"curies":[{"name":"wp","href":"https:\/\/api.w.org\/{rel}","templated":true}]}}